{"id":875,"date":"2026-03-31T12:47:00","date_gmt":"2026-03-31T10:47:00","guid":{"rendered":"https:\/\/szechenyietterem.usernet.hu\/uncategorized\/salsa-de-magia\/"},"modified":"2026-04-21T11:37:47","modified_gmt":"2026-04-21T09:37:47","slug":"salsa-de-magia","status":"publish","type":"post","link":"https:\/\/szechenyietterem.hu\/en\/program-guide\/salsa-de-magia\/","title":{"rendered":"Salsa de Magia at Sz\u00e9chenyi Garden"},"content":{"rendered":"\n<p>If you&#8217;re seeking a hot Latin dance experience in Budapest, Salsa de Magia at Sz\u00e9chenyi Garden Restaurant is a top pick. With a broad mix of salsa styles, guided dance moments. It is perfect for both seasoned dancers and newcomers who want to enjoy a night of rhythmic fun.<\/p>\n\n\n\n<p>What to expect:<\/p>\n\n\n\n<ul class=\"wp-block-list\">\n<li>expertly curated Latin music styles<\/li>\n\n\n\n<li>guided rueda sessions<\/li>\n\n\n\n<li>&#8216;ladies&#8217; choice&#8217; each hour<\/li>\n\n\n\n<li>Expect the same rich mix of salsa and Latin rhythms but with a summer twist and vibrant party vibe<\/li>\n\n\n\n<li>Traditional Cuban salsa and Timba<\/li>\n\n\n\n<li>Rhythmic guaguanc\u00f3 and melodic sons<\/li>\n\n\n\n<li>Energetic &#8216;salsatone&#8217; tracks<\/li>\n\n\n\n<li>Sensual bachata<\/li>\n\n\n\n<li>Fun cha-cha-cha<\/li>\n\n\n\n<li>Uplifting merengue<\/li>\n\n\n\n<li>Steamy kizomba<\/li>\n<\/ul>\n\n\n\n<p>You will be dancing more than sitting!<\/p>\n\n\n\n<p><strong>Event:<\/strong><br>Time: 20.00-midnight<br>Entrance fee: 3000 HUF \/ person <br>Location: Sz\u00e9chenyi Garden Restaurant (City Park, \u00c1llatkerti krt. 9-11., Budapest)<\/p>\n\n\n\n<p>Full-service restaurant offering food and beverages if you&#8217;d like to dine before dancing.<\/p>\n\n\n\n<p><\/p>\n","protected":false},"excerpt":{"rendered":"<p>In the green heart of the capital, in the City Park, a dancing night for all salsa fans.<br \/>\nRegardless of the dance school and level of knowledge, we look forward to seeing you.<\/p>\n","protected":false},"author":1,"featured_media":1137,"comment_status":"closed","ping_status":"open","sticky":false,"template":"","format":"standard","meta":{"_acf_changed":false,"footnotes":""},"categories":[22],"tags":[],"class_list":["post-875","post","type-post","status-publish","format-standard","has-post-thumbnail","hentry","category-program-guide"],"acf":[],"yoast_head":"<!-- This site is optimized with the Yoast SEO plugin v27.5 - https:\/\/yoast.com\/product\/yoast-seo-wordpress\/ -->\n<title>Salsa de Magia at Sz\u00e9chenyi Garden - Sz\u00e9chenyi Kertvend\u00e9gl\u0151<\/title>\n<meta name=\"description\" content=\"In the green heart of the capital, in the City Park, a dancing night for all salsa fans. Friday, salsa, Sz\u00e9chenyi Garden Restaurant!\" \/>\n<meta name=\"robots\" content=\"index, follow, max-snippet:-1, max-image-preview:large, max-video-preview:-1\" \/>\n<link rel=\"canonical\" href=\"https:\/\/szechenyietterem.hu\/en\/program-guide\/salsa-de-magia\/\" \/>\n<meta property=\"og:locale\" content=\"en_US\" \/>\n<meta property=\"og:type\" content=\"article\" \/>\n<meta property=\"og:title\" content=\"Salsa de Magia at Sz\u00e9chenyi Garden - Sz\u00e9chenyi Kertvend\u00e9gl\u0151\" \/>\n<meta property=\"og:description\" content=\"In the green heart of the capital, in the City Park, a dancing night for all salsa fans. Friday, salsa, Sz\u00e9chenyi Garden Restaurant!\" \/>\n<meta property=\"og:url\" content=\"https:\/\/szechenyietterem.hu\/en\/program-guide\/salsa-de-magia\/\" \/>\n<meta property=\"og:site_name\" content=\"Sz\u00e9chenyi Kertvend\u00e9gl\u0151\" \/>\n<meta property=\"article:published_time\" content=\"2026-03-31T10:47:00+00:00\" \/>\n<meta property=\"article:modified_time\" content=\"2026-04-21T09:37:47+00:00\" \/>\n<meta property=\"og:image\" content=\"https:\/\/szechenyietterem.hu\/wp-content\/uploads\/2024\/05\/Salsa-de-Magia-standard.jpg\" \/>\n\t<meta property=\"og:image:width\" content=\"595\" \/>\n\t<meta property=\"og:image:height\" content=\"311\" \/>\n\t<meta property=\"og:image:type\" content=\"image\/jpeg\" \/>\n<meta name=\"author\" content=\"gergo_f\" \/>\n<meta name=\"twitter:card\" content=\"summary_large_image\" \/>\n<meta name=\"twitter:label1\" content=\"Written by\" \/>\n\t<meta name=\"twitter:data1\" content=\"gergo_f\" \/>\n\t<meta name=\"twitter:label2\" content=\"Est. reading time\" \/>\n\t<meta name=\"twitter:data2\" content=\"1 minute\" \/>\n<!-- \/ Yoast SEO plugin. -->","yoast_head_json":{"title":"Salsa de Magia at Sz\u00e9chenyi Garden - Sz\u00e9chenyi Kertvend\u00e9gl\u0151","description":"In the green heart of the capital, in the City Park, a dancing night for all salsa fans. Friday, salsa, Sz\u00e9chenyi Garden Restaurant!","robots":{"index":"index","follow":"follow","max-snippet":"max-snippet:-1","max-image-preview":"max-image-preview:large","max-video-preview":"max-video-preview:-1"},"canonical":"https:\/\/szechenyietterem.hu\/en\/program-guide\/salsa-de-magia\/","og_locale":"en_US","og_type":"article","og_title":"Salsa de Magia at Sz\u00e9chenyi Garden - Sz\u00e9chenyi Kertvend\u00e9gl\u0151","og_description":"In the green heart of the capital, in the City Park, a dancing night for all salsa fans. Friday, salsa, Sz\u00e9chenyi Garden Restaurant!","og_url":"https:\/\/szechenyietterem.hu\/en\/program-guide\/salsa-de-magia\/","og_site_name":"Sz\u00e9chenyi Kertvend\u00e9gl\u0151","article_published_time":"2026-03-31T10:47:00+00:00","article_modified_time":"2026-04-21T09:37:47+00:00","og_image":[{"width":595,"height":311,"url":"https:\/\/szechenyietterem.hu\/wp-content\/uploads\/2024\/05\/Salsa-de-Magia-standard.jpg","type":"image\/jpeg"}],"author":"gergo_f","twitter_card":"summary_large_image","twitter_misc":{"Written by":"gergo_f","Est. reading time":"1 minute"},"schema":{"@context":"https:\/\/schema.org","@graph":[{"@type":"Article","@id":"https:\/\/szechenyietterem.hu\/en\/program-guide\/salsa-de-magia\/#article","isPartOf":{"@id":"https:\/\/szechenyietterem.hu\/en\/program-guide\/salsa-de-magia\/"},"author":{"name":"gergo_f","@id":"https:\/\/szechenyietterem.hu\/en\/#\/schema\/person\/cac7734996d04b1c0c84a931fe8ee8fe"},"headline":"Salsa de Magia at Sz\u00e9chenyi Garden","datePublished":"2026-03-31T10:47:00+00:00","dateModified":"2026-04-21T09:37:47+00:00","mainEntityOfPage":{"@id":"https:\/\/szechenyietterem.hu\/en\/program-guide\/salsa-de-magia\/"},"wordCount":151,"image":{"@id":"https:\/\/szechenyietterem.hu\/en\/program-guide\/salsa-de-magia\/#primaryimage"},"thumbnailUrl":"https:\/\/szechenyietterem.hu\/wp-content\/uploads\/2024\/05\/Salsa-de-Magia-standard.jpg","articleSection":["Program Guide"],"inLanguage":"en-US"},{"@type":"WebPage","@id":"https:\/\/szechenyietterem.hu\/en\/program-guide\/salsa-de-magia\/","url":"https:\/\/szechenyietterem.hu\/en\/program-guide\/salsa-de-magia\/","name":"Salsa de Magia at Sz\u00e9chenyi Garden - Sz\u00e9chenyi Kertvend\u00e9gl\u0151","isPartOf":{"@id":"https:\/\/szechenyietterem.hu\/en\/#website"},"primaryImageOfPage":{"@id":"https:\/\/szechenyietterem.hu\/en\/program-guide\/salsa-de-magia\/#primaryimage"},"image":{"@id":"https:\/\/szechenyietterem.hu\/en\/program-guide\/salsa-de-magia\/#primaryimage"},"thumbnailUrl":"https:\/\/szechenyietterem.hu\/wp-content\/uploads\/2024\/05\/Salsa-de-Magia-standard.jpg","datePublished":"2026-03-31T10:47:00+00:00","dateModified":"2026-04-21T09:37:47+00:00","author":{"@id":"https:\/\/szechenyietterem.hu\/en\/#\/schema\/person\/cac7734996d04b1c0c84a931fe8ee8fe"},"description":"In the green heart of the capital, in the City Park, a dancing night for all salsa fans. Friday, salsa, Sz\u00e9chenyi Garden Restaurant!","breadcrumb":{"@id":"https:\/\/szechenyietterem.hu\/en\/program-guide\/salsa-de-magia\/#breadcrumb"},"inLanguage":"en-US","potentialAction":[{"@type":"ReadAction","target":["https:\/\/szechenyietterem.hu\/en\/program-guide\/salsa-de-magia\/"]}]},{"@type":"ImageObject","inLanguage":"en-US","@id":"https:\/\/szechenyietterem.hu\/en\/program-guide\/salsa-de-magia\/#primaryimage","url":"https:\/\/szechenyietterem.hu\/wp-content\/uploads\/2024\/05\/Salsa-de-Magia-standard.jpg","contentUrl":"https:\/\/szechenyietterem.hu\/wp-content\/uploads\/2024\/05\/Salsa-de-Magia-standard.jpg","width":595,"height":311,"caption":"Salsa de m\u00e1gia"},{"@type":"BreadcrumbList","@id":"https:\/\/szechenyietterem.hu\/en\/program-guide\/salsa-de-magia\/#breadcrumb","itemListElement":[{"@type":"ListItem","position":1,"name":"Home","item":"https:\/\/szechenyietterem.hu\/en\/"},{"@type":"ListItem","position":2,"name":"Salsa de Magia at Sz\u00e9chenyi Garden"}]},{"@type":"WebSite","@id":"https:\/\/szechenyietterem.hu\/en\/#website","url":"https:\/\/szechenyietterem.hu\/en\/","name":"Sz\u00e9chenyi Kertvend\u00e9gl\u0151","description":"","potentialAction":[{"@type":"SearchAction","target":{"@type":"EntryPoint","urlTemplate":"https:\/\/szechenyietterem.hu\/en\/?s={search_term_string}"},"query-input":{"@type":"PropertyValueSpecification","valueRequired":true,"valueName":"search_term_string"}}],"inLanguage":"en-US"},{"@type":"Person","@id":"https:\/\/szechenyietterem.hu\/en\/#\/schema\/person\/cac7734996d04b1c0c84a931fe8ee8fe","name":"gergo_f","image":{"@type":"ImageObject","inLanguage":"en-US","@id":"https:\/\/secure.gravatar.com\/avatar\/911b9c0ace4037f8a5455c3e9f8832281879743906fe6789f55a4fc2755f6675?s=96&d=mm&r=g","url":"https:\/\/secure.gravatar.com\/avatar\/911b9c0ace4037f8a5455c3e9f8832281879743906fe6789f55a4fc2755f6675?s=96&d=mm&r=g","contentUrl":"https:\/\/secure.gravatar.com\/avatar\/911b9c0ace4037f8a5455c3e9f8832281879743906fe6789f55a4fc2755f6675?s=96&d=mm&r=g","caption":"gergo_f"},"sameAs":["https:\/\/szechenyietterem.hu"]}]}},"_links":{"self":[{"href":"https:\/\/szechenyietterem.hu\/en\/wp-json\/wp\/v2\/posts\/875","targetHints":{"allow":["GET"]}}],"collection":[{"href":"https:\/\/szechenyietterem.hu\/en\/wp-json\/wp\/v2\/posts"}],"about":[{"href":"https:\/\/szechenyietterem.hu\/en\/wp-json\/wp\/v2\/types\/post"}],"author":[{"embeddable":true,"href":"https:\/\/szechenyietterem.hu\/en\/wp-json\/wp\/v2\/users\/1"}],"replies":[{"embeddable":true,"href":"https:\/\/szechenyietterem.hu\/en\/wp-json\/wp\/v2\/comments?post=875"}],"version-history":[{"count":20,"href":"https:\/\/szechenyietterem.hu\/en\/wp-json\/wp\/v2\/posts\/875\/revisions"}],"predecessor-version":[{"id":1695,"href":"https:\/\/szechenyietterem.hu\/en\/wp-json\/wp\/v2\/posts\/875\/revisions\/1695"}],"wp:featuredmedia":[{"embeddable":true,"href":"https:\/\/szechenyietterem.hu\/en\/wp-json\/wp\/v2\/media\/1137"}],"wp:attachment":[{"href":"https:\/\/szechenyietterem.hu\/en\/wp-json\/wp\/v2\/media?parent=875"}],"wp:term":[{"taxonomy":"category","embeddable":true,"href":"https:\/\/szechenyietterem.hu\/en\/wp-json\/wp\/v2\/categories?post=875"},{"taxonomy":"post_tag","embeddable":true,"href":"https:\/\/szechenyietterem.hu\/en\/wp-json\/wp\/v2\/tags?post=875"}],"curies":[{"name":"wp","href":"https:\/\/api.w.org\/{rel}","templated":true}]}}