{"id":1710,"date":"2026-03-22T20:15:00","date_gmt":"2026-03-22T19:15:00","guid":{"rendered":"https:\/\/szechenyietterem.hu\/?p=1710"},"modified":"2026-04-22T08:55:21","modified_gmt":"2026-04-22T06:55:21","slug":"an-evening-with-vince","status":"publish","type":"post","link":"https:\/\/szechenyietterem.hu\/en\/program-guide\/an-evening-with-vince\/","title":{"rendered":"An evening with Vince"},"content":{"rendered":"\n<p>The name and music of singer Vince Varga may sound familiar to those who have visited the iconic music venues of City Park over the past twenty years. In addition to being a regular performer on several thematic music television channels for many years, Vince also entertains those who love to dance and celebrate at his own club events.<\/p>\n\n\n\n<p>His program features well-known Hungarian evergreens, dance songs, party hits, and his own original compositions.<\/p>\n\n\n\n<p>Ticket: 5000 HUF<\/p>\n\n\n\n<p>Table reservation is highly recommended! Reservations are only possible directly with Vince Varga via Messenger.<\/p>\n","protected":false},"excerpt":{"rendered":"<p>The name and music of singer Vince Varga may sound familiar to those who have visited the iconic music venues of City Park over the past twenty years. In addition to being a regular performer on several thematic music television channels for many years, Vince also entertains those who love to dance and celebrate at [&hellip;]<\/p>\n","protected":false},"author":2,"featured_media":1394,"comment_status":"closed","ping_status":"open","sticky":false,"template":"","format":"standard","meta":{"_acf_changed":false,"footnotes":""},"categories":[22],"tags":[],"class_list":["post-1710","post","type-post","status-publish","format-standard","has-post-thumbnail","hentry","category-program-guide"],"acf":[],"yoast_head":"<!-- This site is optimized with the Yoast SEO plugin v27.2 - https:\/\/yoast.com\/product\/yoast-seo-wordpress\/ -->\n<title>An evening with Vince - Sz\u00e9chenyi Kertvend\u00e9gl\u0151<\/title>\n<meta name=\"description\" content=\"On Sunday from 5:00 PM, Vince Varga will once again get the audience dancing and singing at the Sz\u00e9chenyi Garden Restaurant.\" \/>\n<meta name=\"robots\" content=\"index, follow, max-snippet:-1, max-image-preview:large, max-video-preview:-1\" \/>\n<link rel=\"canonical\" href=\"https:\/\/szechenyietterem.hu\/en\/program-guide\/an-evening-with-vince\/\" \/>\n<meta property=\"og:locale\" content=\"en_US\" \/>\n<meta property=\"og:type\" content=\"article\" \/>\n<meta property=\"og:title\" content=\"An evening with Vince - Sz\u00e9chenyi Kertvend\u00e9gl\u0151\" \/>\n<meta property=\"og:description\" content=\"On Sunday from 5:00 PM, Vince Varga will once again get the audience dancing and singing at the Sz\u00e9chenyi Garden Restaurant.\" \/>\n<meta property=\"og:url\" content=\"https:\/\/szechenyietterem.hu\/en\/program-guide\/an-evening-with-vince\/\" \/>\n<meta property=\"og:site_name\" content=\"Sz\u00e9chenyi Kertvend\u00e9gl\u0151\" \/>\n<meta property=\"article:published_time\" content=\"2026-03-22T19:15:00+00:00\" \/>\n<meta property=\"article:modified_time\" content=\"2026-04-22T06:55:21+00:00\" \/>\n<meta property=\"og:image\" content=\"https:\/\/szechenyietterem.hu\/wp-content\/uploads\/2024\/09\/Vince-plakat-2025.jpg\" \/>\n\t<meta property=\"og:image:width\" content=\"600\" \/>\n\t<meta property=\"og:image:height\" content=\"600\" \/>\n\t<meta property=\"og:image:type\" content=\"image\/jpeg\" \/>\n<meta name=\"author\" content=\"Cs\u00e1sz\u00e1r Katalin\" \/>\n<meta name=\"twitter:card\" content=\"summary_large_image\" \/>\n<meta name=\"twitter:label1\" content=\"Written by\" \/>\n\t<meta name=\"twitter:data1\" content=\"Cs\u00e1sz\u00e1r Katalin\" \/>\n\t<meta name=\"twitter:label2\" content=\"Est. reading time\" \/>\n\t<meta name=\"twitter:data2\" content=\"1 minute\" \/>\n<!-- \/ Yoast SEO plugin. -->","yoast_head_json":{"title":"An evening with Vince - Sz\u00e9chenyi Kertvend\u00e9gl\u0151","description":"On Sunday from 5:00 PM, Vince Varga will once again get the audience dancing and singing at the Sz\u00e9chenyi Garden Restaurant.","robots":{"index":"index","follow":"follow","max-snippet":"max-snippet:-1","max-image-preview":"max-image-preview:large","max-video-preview":"max-video-preview:-1"},"canonical":"https:\/\/szechenyietterem.hu\/en\/program-guide\/an-evening-with-vince\/","og_locale":"en_US","og_type":"article","og_title":"An evening with Vince - Sz\u00e9chenyi Kertvend\u00e9gl\u0151","og_description":"On Sunday from 5:00 PM, Vince Varga will once again get the audience dancing and singing at the Sz\u00e9chenyi Garden Restaurant.","og_url":"https:\/\/szechenyietterem.hu\/en\/program-guide\/an-evening-with-vince\/","og_site_name":"Sz\u00e9chenyi Kertvend\u00e9gl\u0151","article_published_time":"2026-03-22T19:15:00+00:00","article_modified_time":"2026-04-22T06:55:21+00:00","og_image":[{"width":600,"height":600,"url":"https:\/\/szechenyietterem.hu\/wp-content\/uploads\/2024\/09\/Vince-plakat-2025.jpg","type":"image\/jpeg"}],"author":"Cs\u00e1sz\u00e1r Katalin","twitter_card":"summary_large_image","twitter_misc":{"Written by":"Cs\u00e1sz\u00e1r Katalin","Est. reading time":"1 minute"},"schema":{"@context":"https:\/\/schema.org","@graph":[{"@type":"Article","@id":"https:\/\/szechenyietterem.hu\/en\/program-guide\/an-evening-with-vince\/#article","isPartOf":{"@id":"https:\/\/szechenyietterem.hu\/en\/program-guide\/an-evening-with-vince\/"},"author":{"name":"Cs\u00e1sz\u00e1r Katalin","@id":"https:\/\/szechenyietterem.hu\/en\/#\/schema\/person\/54d797267f70bf73fb10ca2735e81f0e"},"headline":"An evening with Vince","datePublished":"2026-03-22T19:15:00+00:00","dateModified":"2026-04-22T06:55:21+00:00","mainEntityOfPage":{"@id":"https:\/\/szechenyietterem.hu\/en\/program-guide\/an-evening-with-vince\/"},"wordCount":95,"image":{"@id":"https:\/\/szechenyietterem.hu\/en\/program-guide\/an-evening-with-vince\/#primaryimage"},"thumbnailUrl":"https:\/\/szechenyietterem.hu\/wp-content\/uploads\/2024\/09\/Vince-plakat-2025.jpg","articleSection":["Program Guide"],"inLanguage":"en-US"},{"@type":"WebPage","@id":"https:\/\/szechenyietterem.hu\/en\/program-guide\/an-evening-with-vince\/","url":"https:\/\/szechenyietterem.hu\/en\/program-guide\/an-evening-with-vince\/","name":"An evening with Vince - Sz\u00e9chenyi Kertvend\u00e9gl\u0151","isPartOf":{"@id":"https:\/\/szechenyietterem.hu\/en\/#website"},"primaryImageOfPage":{"@id":"https:\/\/szechenyietterem.hu\/en\/program-guide\/an-evening-with-vince\/#primaryimage"},"image":{"@id":"https:\/\/szechenyietterem.hu\/en\/program-guide\/an-evening-with-vince\/#primaryimage"},"thumbnailUrl":"https:\/\/szechenyietterem.hu\/wp-content\/uploads\/2024\/09\/Vince-plakat-2025.jpg","datePublished":"2026-03-22T19:15:00+00:00","dateModified":"2026-04-22T06:55:21+00:00","author":{"@id":"https:\/\/szechenyietterem.hu\/en\/#\/schema\/person\/54d797267f70bf73fb10ca2735e81f0e"},"description":"On Sunday from 5:00 PM, Vince Varga will once again get the audience dancing and singing at the Sz\u00e9chenyi Garden Restaurant.","breadcrumb":{"@id":"https:\/\/szechenyietterem.hu\/en\/program-guide\/an-evening-with-vince\/#breadcrumb"},"inLanguage":"en-US","potentialAction":[{"@type":"ReadAction","target":["https:\/\/szechenyietterem.hu\/en\/program-guide\/an-evening-with-vince\/"]}]},{"@type":"ImageObject","inLanguage":"en-US","@id":"https:\/\/szechenyietterem.hu\/en\/program-guide\/an-evening-with-vince\/#primaryimage","url":"https:\/\/szechenyietterem.hu\/wp-content\/uploads\/2024\/09\/Vince-plakat-2025.jpg","contentUrl":"https:\/\/szechenyietterem.hu\/wp-content\/uploads\/2024\/09\/Vince-plakat-2025.jpg","width":600,"height":600,"caption":"Vince zen\u00e9s t\u00e1ncos estje"},{"@type":"BreadcrumbList","@id":"https:\/\/szechenyietterem.hu\/en\/program-guide\/an-evening-with-vince\/#breadcrumb","itemListElement":[{"@type":"ListItem","position":1,"name":"Home","item":"https:\/\/szechenyietterem.hu\/en\/"},{"@type":"ListItem","position":2,"name":"An evening with Vince"}]},{"@type":"WebSite","@id":"https:\/\/szechenyietterem.hu\/en\/#website","url":"https:\/\/szechenyietterem.hu\/en\/","name":"Sz\u00e9chenyi Kertvend\u00e9gl\u0151","description":"","potentialAction":[{"@type":"SearchAction","target":{"@type":"EntryPoint","urlTemplate":"https:\/\/szechenyietterem.hu\/en\/?s={search_term_string}"},"query-input":{"@type":"PropertyValueSpecification","valueRequired":true,"valueName":"search_term_string"}}],"inLanguage":"en-US"},{"@type":"Person","@id":"https:\/\/szechenyietterem.hu\/en\/#\/schema\/person\/54d797267f70bf73fb10ca2735e81f0e","name":"Cs\u00e1sz\u00e1r Katalin","image":{"@type":"ImageObject","inLanguage":"en-US","@id":"https:\/\/secure.gravatar.com\/avatar\/3ff8e83da9862512ebdf0a36a6ba9b3ff3df7d7dc074d44d49873b4c3ca37413?s=96&d=mm&r=g","url":"https:\/\/secure.gravatar.com\/avatar\/3ff8e83da9862512ebdf0a36a6ba9b3ff3df7d7dc074d44d49873b4c3ca37413?s=96&d=mm&r=g","contentUrl":"https:\/\/secure.gravatar.com\/avatar\/3ff8e83da9862512ebdf0a36a6ba9b3ff3df7d7dc074d44d49873b4c3ca37413?s=96&d=mm&r=g","caption":"Cs\u00e1sz\u00e1r Katalin"}}]}},"_links":{"self":[{"href":"https:\/\/szechenyietterem.hu\/en\/wp-json\/wp\/v2\/posts\/1710","targetHints":{"allow":["GET"]}}],"collection":[{"href":"https:\/\/szechenyietterem.hu\/en\/wp-json\/wp\/v2\/posts"}],"about":[{"href":"https:\/\/szechenyietterem.hu\/en\/wp-json\/wp\/v2\/types\/post"}],"author":[{"embeddable":true,"href":"https:\/\/szechenyietterem.hu\/en\/wp-json\/wp\/v2\/users\/2"}],"replies":[{"embeddable":true,"href":"https:\/\/szechenyietterem.hu\/en\/wp-json\/wp\/v2\/comments?post=1710"}],"version-history":[{"count":1,"href":"https:\/\/szechenyietterem.hu\/en\/wp-json\/wp\/v2\/posts\/1710\/revisions"}],"predecessor-version":[{"id":1711,"href":"https:\/\/szechenyietterem.hu\/en\/wp-json\/wp\/v2\/posts\/1710\/revisions\/1711"}],"wp:featuredmedia":[{"embeddable":true,"href":"https:\/\/szechenyietterem.hu\/en\/wp-json\/wp\/v2\/media\/1394"}],"wp:attachment":[{"href":"https:\/\/szechenyietterem.hu\/en\/wp-json\/wp\/v2\/media?parent=1710"}],"wp:term":[{"taxonomy":"category","embeddable":true,"href":"https:\/\/szechenyietterem.hu\/en\/wp-json\/wp\/v2\/categories?post=1710"},{"taxonomy":"post_tag","embeddable":true,"href":"https:\/\/szechenyietterem.hu\/en\/wp-json\/wp\/v2\/tags?post=1710"}],"curies":[{"name":"wp","href":"https:\/\/api.w.org\/{rel}","templated":true}]}}