{"id":1708,"date":"2026-03-24T16:37:00","date_gmt":"2026-03-24T15:37:00","guid":{"rendered":"https:\/\/szechenyietterem.hu\/?p=1708"},"modified":"2026-04-22T08:56:50","modified_gmt":"2026-04-22T06:56:50","slug":"musical-evening-with-attila-lengyel","status":"publish","type":"post","link":"https:\/\/szechenyietterem.hu\/en\/program-guide\/musical-evening-with-attila-lengyel\/","title":{"rendered":"Musical evening with Attila Lengyel"},"content":{"rendered":"\n<p>Our concert series with Attila Lengyel takes place monthly. At the concerts, Attila and special guest stars ensure an unforgettable atmosphere.<\/p>\n\n\n\n<p>Table reservations, information: +36 30 547 9033; +421 918 842 148<\/p>\n\n\n\n<p>Doors open: 5:00 PM<\/p>\n\n\n\n<p>Ticket price: 5000 HUF<\/p>\n","protected":false},"excerpt":{"rendered":"<p>Our concert series with Attila Lengyel takes place monthly. At the concerts, Attila and special guest stars ensure an unforgettable atmosphere. Table reservations, information: +36 30 547 9033; +421 918 842 148 Doors open: 5:00 PM Ticket price: 5000 HUF<\/p>\n","protected":false},"author":2,"featured_media":1166,"comment_status":"closed","ping_status":"open","sticky":false,"template":"","format":"standard","meta":{"_acf_changed":false,"footnotes":""},"categories":[22],"tags":[],"class_list":["post-1708","post","type-post","status-publish","format-standard","has-post-thumbnail","hentry","category-program-guide"],"acf":[],"yoast_head":"<!-- This site is optimized with the Yoast SEO plugin v27.2 - https:\/\/yoast.com\/product\/yoast-seo-wordpress\/ -->\n<title>Musical evening with Attila Lengyel - Sz\u00e9chenyi Kertvend\u00e9gl\u0151<\/title>\n<meta name=\"description\" content=\"Musical Evenings with Attila Lengyel and His Star Guests at the Sz\u00e9chenyi Garden Restaurant in City Park! Music, dance, gastronomy!\" \/>\n<meta name=\"robots\" content=\"index, follow, max-snippet:-1, max-image-preview:large, max-video-preview:-1\" \/>\n<link rel=\"canonical\" href=\"https:\/\/szechenyietterem.hu\/en\/program-guide\/musical-evening-with-attila-lengyel\/\" \/>\n<meta property=\"og:locale\" content=\"en_US\" \/>\n<meta property=\"og:type\" content=\"article\" \/>\n<meta property=\"og:title\" content=\"Musical evening with Attila Lengyel - Sz\u00e9chenyi Kertvend\u00e9gl\u0151\" \/>\n<meta property=\"og:description\" content=\"Musical Evenings with Attila Lengyel and His Star Guests at the Sz\u00e9chenyi Garden Restaurant in City Park! Music, dance, gastronomy!\" \/>\n<meta property=\"og:url\" content=\"https:\/\/szechenyietterem.hu\/en\/program-guide\/musical-evening-with-attila-lengyel\/\" \/>\n<meta property=\"og:site_name\" content=\"Sz\u00e9chenyi Kertvend\u00e9gl\u0151\" \/>\n<meta property=\"article:published_time\" content=\"2026-03-24T15:37:00+00:00\" \/>\n<meta property=\"article:modified_time\" content=\"2026-04-22T06:56:50+00:00\" \/>\n<meta property=\"og:image\" content=\"https:\/\/szechenyietterem.hu\/wp-content\/uploads\/2024\/04\/1.jpg\" \/>\n\t<meta property=\"og:image:width\" content=\"395\" \/>\n\t<meta property=\"og:image:height\" content=\"593\" \/>\n\t<meta property=\"og:image:type\" content=\"image\/jpeg\" \/>\n<meta name=\"author\" content=\"Cs\u00e1sz\u00e1r Katalin\" \/>\n<meta name=\"twitter:card\" content=\"summary_large_image\" \/>\n<meta name=\"twitter:label1\" content=\"Written by\" \/>\n\t<meta name=\"twitter:data1\" content=\"Cs\u00e1sz\u00e1r Katalin\" \/>\n\t<meta name=\"twitter:label2\" content=\"Est. reading time\" \/>\n\t<meta name=\"twitter:data2\" content=\"1 minute\" \/>\n<!-- \/ Yoast SEO plugin. -->","yoast_head_json":{"title":"Musical evening with Attila Lengyel - Sz\u00e9chenyi Kertvend\u00e9gl\u0151","description":"Musical Evenings with Attila Lengyel and His Star Guests at the Sz\u00e9chenyi Garden Restaurant in City Park! Music, dance, gastronomy!","robots":{"index":"index","follow":"follow","max-snippet":"max-snippet:-1","max-image-preview":"max-image-preview:large","max-video-preview":"max-video-preview:-1"},"canonical":"https:\/\/szechenyietterem.hu\/en\/program-guide\/musical-evening-with-attila-lengyel\/","og_locale":"en_US","og_type":"article","og_title":"Musical evening with Attila Lengyel - Sz\u00e9chenyi Kertvend\u00e9gl\u0151","og_description":"Musical Evenings with Attila Lengyel and His Star Guests at the Sz\u00e9chenyi Garden Restaurant in City Park! Music, dance, gastronomy!","og_url":"https:\/\/szechenyietterem.hu\/en\/program-guide\/musical-evening-with-attila-lengyel\/","og_site_name":"Sz\u00e9chenyi Kertvend\u00e9gl\u0151","article_published_time":"2026-03-24T15:37:00+00:00","article_modified_time":"2026-04-22T06:56:50+00:00","og_image":[{"width":395,"height":593,"url":"https:\/\/szechenyietterem.hu\/wp-content\/uploads\/2024\/04\/1.jpg","type":"image\/jpeg"}],"author":"Cs\u00e1sz\u00e1r Katalin","twitter_card":"summary_large_image","twitter_misc":{"Written by":"Cs\u00e1sz\u00e1r Katalin","Est. reading time":"1 minute"},"schema":{"@context":"https:\/\/schema.org","@graph":[{"@type":"Article","@id":"https:\/\/szechenyietterem.hu\/en\/program-guide\/musical-evening-with-attila-lengyel\/#article","isPartOf":{"@id":"https:\/\/szechenyietterem.hu\/en\/program-guide\/musical-evening-with-attila-lengyel\/"},"author":{"name":"Cs\u00e1sz\u00e1r Katalin","@id":"https:\/\/szechenyietterem.hu\/en\/#\/schema\/person\/54d797267f70bf73fb10ca2735e81f0e"},"headline":"Musical evening with Attila Lengyel","datePublished":"2026-03-24T15:37:00+00:00","dateModified":"2026-04-22T06:56:50+00:00","mainEntityOfPage":{"@id":"https:\/\/szechenyietterem.hu\/en\/program-guide\/musical-evening-with-attila-lengyel\/"},"wordCount":35,"image":{"@id":"https:\/\/szechenyietterem.hu\/en\/program-guide\/musical-evening-with-attila-lengyel\/#primaryimage"},"thumbnailUrl":"https:\/\/szechenyietterem.hu\/wp-content\/uploads\/2024\/04\/1.jpg","articleSection":["Program Guide"],"inLanguage":"en-US"},{"@type":"WebPage","@id":"https:\/\/szechenyietterem.hu\/en\/program-guide\/musical-evening-with-attila-lengyel\/","url":"https:\/\/szechenyietterem.hu\/en\/program-guide\/musical-evening-with-attila-lengyel\/","name":"Musical evening with Attila Lengyel - Sz\u00e9chenyi Kertvend\u00e9gl\u0151","isPartOf":{"@id":"https:\/\/szechenyietterem.hu\/en\/#website"},"primaryImageOfPage":{"@id":"https:\/\/szechenyietterem.hu\/en\/program-guide\/musical-evening-with-attila-lengyel\/#primaryimage"},"image":{"@id":"https:\/\/szechenyietterem.hu\/en\/program-guide\/musical-evening-with-attila-lengyel\/#primaryimage"},"thumbnailUrl":"https:\/\/szechenyietterem.hu\/wp-content\/uploads\/2024\/04\/1.jpg","datePublished":"2026-03-24T15:37:00+00:00","dateModified":"2026-04-22T06:56:50+00:00","author":{"@id":"https:\/\/szechenyietterem.hu\/en\/#\/schema\/person\/54d797267f70bf73fb10ca2735e81f0e"},"description":"Musical Evenings with Attila Lengyel and His Star Guests at the Sz\u00e9chenyi Garden Restaurant in City Park! Music, dance, gastronomy!","breadcrumb":{"@id":"https:\/\/szechenyietterem.hu\/en\/program-guide\/musical-evening-with-attila-lengyel\/#breadcrumb"},"inLanguage":"en-US","potentialAction":[{"@type":"ReadAction","target":["https:\/\/szechenyietterem.hu\/en\/program-guide\/musical-evening-with-attila-lengyel\/"]}]},{"@type":"ImageObject","inLanguage":"en-US","@id":"https:\/\/szechenyietterem.hu\/en\/program-guide\/musical-evening-with-attila-lengyel\/#primaryimage","url":"https:\/\/szechenyietterem.hu\/wp-content\/uploads\/2024\/04\/1.jpg","contentUrl":"https:\/\/szechenyietterem.hu\/wp-content\/uploads\/2024\/04\/1.jpg","width":395,"height":593,"caption":"Lengyel Attila"},{"@type":"BreadcrumbList","@id":"https:\/\/szechenyietterem.hu\/en\/program-guide\/musical-evening-with-attila-lengyel\/#breadcrumb","itemListElement":[{"@type":"ListItem","position":1,"name":"Home","item":"https:\/\/szechenyietterem.hu\/en\/"},{"@type":"ListItem","position":2,"name":"Musical evening with Attila Lengyel"}]},{"@type":"WebSite","@id":"https:\/\/szechenyietterem.hu\/en\/#website","url":"https:\/\/szechenyietterem.hu\/en\/","name":"Sz\u00e9chenyi Kertvend\u00e9gl\u0151","description":"","potentialAction":[{"@type":"SearchAction","target":{"@type":"EntryPoint","urlTemplate":"https:\/\/szechenyietterem.hu\/en\/?s={search_term_string}"},"query-input":{"@type":"PropertyValueSpecification","valueRequired":true,"valueName":"search_term_string"}}],"inLanguage":"en-US"},{"@type":"Person","@id":"https:\/\/szechenyietterem.hu\/en\/#\/schema\/person\/54d797267f70bf73fb10ca2735e81f0e","name":"Cs\u00e1sz\u00e1r Katalin","image":{"@type":"ImageObject","inLanguage":"en-US","@id":"https:\/\/secure.gravatar.com\/avatar\/3ff8e83da9862512ebdf0a36a6ba9b3ff3df7d7dc074d44d49873b4c3ca37413?s=96&d=mm&r=g","url":"https:\/\/secure.gravatar.com\/avatar\/3ff8e83da9862512ebdf0a36a6ba9b3ff3df7d7dc074d44d49873b4c3ca37413?s=96&d=mm&r=g","contentUrl":"https:\/\/secure.gravatar.com\/avatar\/3ff8e83da9862512ebdf0a36a6ba9b3ff3df7d7dc074d44d49873b4c3ca37413?s=96&d=mm&r=g","caption":"Cs\u00e1sz\u00e1r Katalin"}}]}},"_links":{"self":[{"href":"https:\/\/szechenyietterem.hu\/en\/wp-json\/wp\/v2\/posts\/1708","targetHints":{"allow":["GET"]}}],"collection":[{"href":"https:\/\/szechenyietterem.hu\/en\/wp-json\/wp\/v2\/posts"}],"about":[{"href":"https:\/\/szechenyietterem.hu\/en\/wp-json\/wp\/v2\/types\/post"}],"author":[{"embeddable":true,"href":"https:\/\/szechenyietterem.hu\/en\/wp-json\/wp\/v2\/users\/2"}],"replies":[{"embeddable":true,"href":"https:\/\/szechenyietterem.hu\/en\/wp-json\/wp\/v2\/comments?post=1708"}],"version-history":[{"count":2,"href":"https:\/\/szechenyietterem.hu\/en\/wp-json\/wp\/v2\/posts\/1708\/revisions"}],"predecessor-version":[{"id":1712,"href":"https:\/\/szechenyietterem.hu\/en\/wp-json\/wp\/v2\/posts\/1708\/revisions\/1712"}],"wp:featuredmedia":[{"embeddable":true,"href":"https:\/\/szechenyietterem.hu\/en\/wp-json\/wp\/v2\/media\/1166"}],"wp:attachment":[{"href":"https:\/\/szechenyietterem.hu\/en\/wp-json\/wp\/v2\/media?parent=1708"}],"wp:term":[{"taxonomy":"category","embeddable":true,"href":"https:\/\/szechenyietterem.hu\/en\/wp-json\/wp\/v2\/categories?post=1708"},{"taxonomy":"post_tag","embeddable":true,"href":"https:\/\/szechenyietterem.hu\/en\/wp-json\/wp\/v2\/tags?post=1708"}],"curies":[{"name":"wp","href":"https:\/\/api.w.org\/{rel}","templated":true}]}}