{"id":1492,"date":"2026-01-01T05:44:00","date_gmt":"2026-01-01T04:44:00","guid":{"rendered":"https:\/\/szechenyietterem.hu\/?p=1492"},"modified":"2026-02-05T16:31:30","modified_gmt":"2026-02-05T15:31:30","slug":"mi-musica-salsa-bachata-party","status":"publish","type":"post","link":"https:\/\/szechenyietterem.hu\/en\/program-guide\/mi-musica-salsa-bachata-party\/","title":{"rendered":"Mi Musica Salsa-Bachata party"},"content":{"rendered":"\n<p>El Origin Salsa-Bachata party \u00d7 Sz\u00e9chenyi Kertvend\u00e9gl\u0151 (1146 Budapest, \u00c1llatkert krt. 11.) \u00d7 ticket: 3500 Ft (cash only) \u00d7 info below &#8211; (ENG below)<\/p>\n\n\n\n<p>DETAILS (ENG details below):<\/p>\n\n\n\n<p>\u00d7 El Origin Salsa-Bachata party DATES:<br>\u00d7 January 9, Friday<br>\u00d7 February 21, Saturday<br>\u00d7 March 21, Saturday<br>\u00d7 April 25, Saturday<\/p>\n\n\n\n<p>Time: 9:00 p.m. to 1:00 a.m.<br>\u00d7 Sz\u00e9chenyi Kertvend\u00e9gl\u0151 (1146 Budapest, \u00c1llatkert krt. 11.)<br>\u00d7 Bring your dancing shoes!<br>\u00d7 Excellent sound system, mood lighting, spacious dance floor, fans<br>\u00d7 Admission: 3500 Ft (cash only)<\/p>\n\n\n\n<p>DJ Tombao returns to Szechenyi Kertvend\u00e9gl\u0151! We&#8217;re reviving the Szecska (venue) atmosphere with a true El Origin Salsa-Bachata party. Selected hits, an incredible atmosphere, you and your dancing friends. Come and recharge with dance&nbsp;<img loading=\"lazy\" decoding=\"async\" height=\"16\" width=\"16\" alt=\"\ud83d\ude42\" src=\"https:\/\/static.xx.fbcdn.net\/images\/emoji.php\/v9\/t4c\/1\/16\/1f642.png\"><\/p>\n\n\n\n<p>Transportation: excellent location &#8211; in the City Park, next to the Sz\u00e9chenyi Baths. You can easily get here by public transport or car.<br>Try the restaurant&#8217;s food and drink selection! No need to bring your own, it&#8217;s unnecessary!<\/p>\n\n\n\n<p>Photos and videos: We will be taking photos and videos at the venue. By purchasing a ticket and participating in the event, you automatically consent to being photographed or filmed. The organizers may publish the recordings at a later date and use them for advertising purposes.<\/p>\n\n\n\n<p>The event is not dog-friendly. It is not suitable for children; do not leave minors unattended at the event venue.<br>We look forward to seeing you there!<\/p>\n","protected":false},"excerpt":{"rendered":"<p>El Origin Salsa-Bachata party \u00d7 Sz\u00e9chenyi Kertvend\u00e9gl\u0151 (1146 Budapest, \u00c1llatkert krt. 11.) \u00d7 ticket: 3500 Ft (cash only) \u00d7 info below &#8211; (ENG below) DETAILS (ENG details below): \u00d7 El Origin Salsa-Bachata party DATES:\u00d7 January 9, Friday\u00d7 February 21, Saturday\u00d7 March 21, Saturday\u00d7 April 25, Saturday Time: 9:00 p.m. to 1:00 a.m.\u00d7 Sz\u00e9chenyi Kertvend\u00e9gl\u0151 (1146 [&hellip;]<\/p>\n","protected":false},"author":2,"featured_media":1590,"comment_status":"closed","ping_status":"open","sticky":false,"template":"","format":"standard","meta":{"_acf_changed":false,"footnotes":""},"categories":[22,11],"tags":[],"class_list":["post-1492","post","type-post","status-publish","format-standard","has-post-thumbnail","hentry","category-program-guide","category-uncategorized"],"acf":[],"yoast_head":"<!-- This site is optimized with the Yoast SEO plugin v27.2 - https:\/\/yoast.com\/product\/yoast-seo-wordpress\/ -->\n<title>Mi Musica Salsa-Bachata party - Sz\u00e9chenyi Kertvend\u00e9gl\u0151<\/title>\n<meta name=\"description\" content=\"True Fiesta del Sabor salsa-bachata party on 22 of October, Sz\u00e9chenyi Garden Restaurant.\" \/>\n<meta name=\"robots\" content=\"index, follow, max-snippet:-1, max-image-preview:large, max-video-preview:-1\" \/>\n<link rel=\"canonical\" href=\"https:\/\/szechenyietterem.hu\/en\/program-guide\/mi-musica-salsa-bachata-party\/\" \/>\n<meta property=\"og:locale\" content=\"en_US\" \/>\n<meta property=\"og:type\" content=\"article\" \/>\n<meta property=\"og:title\" content=\"Mi Musica Salsa-Bachata party - Sz\u00e9chenyi Kertvend\u00e9gl\u0151\" \/>\n<meta property=\"og:description\" content=\"True Fiesta del Sabor salsa-bachata party on 22 of October, Sz\u00e9chenyi Garden Restaurant.\" \/>\n<meta property=\"og:url\" content=\"https:\/\/szechenyietterem.hu\/en\/program-guide\/mi-musica-salsa-bachata-party\/\" \/>\n<meta property=\"og:site_name\" content=\"Sz\u00e9chenyi Kertvend\u00e9gl\u0151\" \/>\n<meta property=\"article:published_time\" content=\"2026-01-01T04:44:00+00:00\" \/>\n<meta property=\"article:modified_time\" content=\"2026-02-05T15:31:30+00:00\" \/>\n<meta property=\"og:image\" content=\"https:\/\/szechenyietterem.hu\/wp-content\/uploads\/2025\/10\/Mi-musica_0109.jpg\" \/>\n\t<meta property=\"og:image:width\" content=\"1414\" \/>\n\t<meta property=\"og:image:height\" content=\"2000\" \/>\n\t<meta property=\"og:image:type\" content=\"image\/jpeg\" \/>\n<meta name=\"author\" content=\"Cs\u00e1sz\u00e1r Katalin\" \/>\n<meta name=\"twitter:card\" content=\"summary_large_image\" \/>\n<meta name=\"twitter:label1\" content=\"Written by\" \/>\n\t<meta name=\"twitter:data1\" content=\"Cs\u00e1sz\u00e1r Katalin\" \/>\n\t<meta name=\"twitter:label2\" content=\"Est. reading time\" \/>\n\t<meta name=\"twitter:data2\" content=\"2 minutes\" \/>\n<!-- \/ Yoast SEO plugin. -->","yoast_head_json":{"title":"Mi Musica Salsa-Bachata party - Sz\u00e9chenyi Kertvend\u00e9gl\u0151","description":"True Fiesta del Sabor salsa-bachata party on 22 of October, Sz\u00e9chenyi Garden Restaurant.","robots":{"index":"index","follow":"follow","max-snippet":"max-snippet:-1","max-image-preview":"max-image-preview:large","max-video-preview":"max-video-preview:-1"},"canonical":"https:\/\/szechenyietterem.hu\/en\/program-guide\/mi-musica-salsa-bachata-party\/","og_locale":"en_US","og_type":"article","og_title":"Mi Musica Salsa-Bachata party - Sz\u00e9chenyi Kertvend\u00e9gl\u0151","og_description":"True Fiesta del Sabor salsa-bachata party on 22 of October, Sz\u00e9chenyi Garden Restaurant.","og_url":"https:\/\/szechenyietterem.hu\/en\/program-guide\/mi-musica-salsa-bachata-party\/","og_site_name":"Sz\u00e9chenyi Kertvend\u00e9gl\u0151","article_published_time":"2026-01-01T04:44:00+00:00","article_modified_time":"2026-02-05T15:31:30+00:00","og_image":[{"width":1414,"height":2000,"url":"https:\/\/szechenyietterem.hu\/wp-content\/uploads\/2025\/10\/Mi-musica_0109.jpg","type":"image\/jpeg"}],"author":"Cs\u00e1sz\u00e1r Katalin","twitter_card":"summary_large_image","twitter_misc":{"Written by":"Cs\u00e1sz\u00e1r Katalin","Est. reading time":"2 minutes"},"schema":{"@context":"https:\/\/schema.org","@graph":[{"@type":"Article","@id":"https:\/\/szechenyietterem.hu\/en\/program-guide\/mi-musica-salsa-bachata-party\/#article","isPartOf":{"@id":"https:\/\/szechenyietterem.hu\/en\/program-guide\/mi-musica-salsa-bachata-party\/"},"author":{"name":"Cs\u00e1sz\u00e1r Katalin","@id":"https:\/\/szechenyietterem.hu\/en\/#\/schema\/person\/54d797267f70bf73fb10ca2735e81f0e"},"headline":"Mi Musica Salsa-Bachata party","datePublished":"2026-01-01T04:44:00+00:00","dateModified":"2026-02-05T15:31:30+00:00","mainEntityOfPage":{"@id":"https:\/\/szechenyietterem.hu\/en\/program-guide\/mi-musica-salsa-bachata-party\/"},"wordCount":222,"image":{"@id":"https:\/\/szechenyietterem.hu\/en\/program-guide\/mi-musica-salsa-bachata-party\/#primaryimage"},"thumbnailUrl":"https:\/\/szechenyietterem.hu\/wp-content\/uploads\/2025\/10\/Mi-musica_0109.jpg","articleSection":["Program Guide"],"inLanguage":"en-US"},{"@type":"WebPage","@id":"https:\/\/szechenyietterem.hu\/en\/program-guide\/mi-musica-salsa-bachata-party\/","url":"https:\/\/szechenyietterem.hu\/en\/program-guide\/mi-musica-salsa-bachata-party\/","name":"Mi Musica Salsa-Bachata party - Sz\u00e9chenyi Kertvend\u00e9gl\u0151","isPartOf":{"@id":"https:\/\/szechenyietterem.hu\/en\/#website"},"primaryImageOfPage":{"@id":"https:\/\/szechenyietterem.hu\/en\/program-guide\/mi-musica-salsa-bachata-party\/#primaryimage"},"image":{"@id":"https:\/\/szechenyietterem.hu\/en\/program-guide\/mi-musica-salsa-bachata-party\/#primaryimage"},"thumbnailUrl":"https:\/\/szechenyietterem.hu\/wp-content\/uploads\/2025\/10\/Mi-musica_0109.jpg","datePublished":"2026-01-01T04:44:00+00:00","dateModified":"2026-02-05T15:31:30+00:00","author":{"@id":"https:\/\/szechenyietterem.hu\/en\/#\/schema\/person\/54d797267f70bf73fb10ca2735e81f0e"},"description":"True Fiesta del Sabor salsa-bachata party on 22 of October, Sz\u00e9chenyi Garden Restaurant.","breadcrumb":{"@id":"https:\/\/szechenyietterem.hu\/en\/program-guide\/mi-musica-salsa-bachata-party\/#breadcrumb"},"inLanguage":"en-US","potentialAction":[{"@type":"ReadAction","target":["https:\/\/szechenyietterem.hu\/en\/program-guide\/mi-musica-salsa-bachata-party\/"]}]},{"@type":"ImageObject","inLanguage":"en-US","@id":"https:\/\/szechenyietterem.hu\/en\/program-guide\/mi-musica-salsa-bachata-party\/#primaryimage","url":"https:\/\/szechenyietterem.hu\/wp-content\/uploads\/2025\/10\/Mi-musica_0109.jpg","contentUrl":"https:\/\/szechenyietterem.hu\/wp-content\/uploads\/2025\/10\/Mi-musica_0109.jpg","width":1414,"height":2000,"caption":"Salsa bachata party"},{"@type":"BreadcrumbList","@id":"https:\/\/szechenyietterem.hu\/en\/program-guide\/mi-musica-salsa-bachata-party\/#breadcrumb","itemListElement":[{"@type":"ListItem","position":1,"name":"Home","item":"https:\/\/szechenyietterem.hu\/en\/"},{"@type":"ListItem","position":2,"name":"Mi Musica Salsa-Bachata party"}]},{"@type":"WebSite","@id":"https:\/\/szechenyietterem.hu\/en\/#website","url":"https:\/\/szechenyietterem.hu\/en\/","name":"Sz\u00e9chenyi Kertvend\u00e9gl\u0151","description":"","potentialAction":[{"@type":"SearchAction","target":{"@type":"EntryPoint","urlTemplate":"https:\/\/szechenyietterem.hu\/en\/?s={search_term_string}"},"query-input":{"@type":"PropertyValueSpecification","valueRequired":true,"valueName":"search_term_string"}}],"inLanguage":"en-US"},{"@type":"Person","@id":"https:\/\/szechenyietterem.hu\/en\/#\/schema\/person\/54d797267f70bf73fb10ca2735e81f0e","name":"Cs\u00e1sz\u00e1r Katalin","image":{"@type":"ImageObject","inLanguage":"en-US","@id":"https:\/\/secure.gravatar.com\/avatar\/3ff8e83da9862512ebdf0a36a6ba9b3ff3df7d7dc074d44d49873b4c3ca37413?s=96&d=mm&r=g","url":"https:\/\/secure.gravatar.com\/avatar\/3ff8e83da9862512ebdf0a36a6ba9b3ff3df7d7dc074d44d49873b4c3ca37413?s=96&d=mm&r=g","contentUrl":"https:\/\/secure.gravatar.com\/avatar\/3ff8e83da9862512ebdf0a36a6ba9b3ff3df7d7dc074d44d49873b4c3ca37413?s=96&d=mm&r=g","caption":"Cs\u00e1sz\u00e1r Katalin"}}]}},"_links":{"self":[{"href":"https:\/\/szechenyietterem.hu\/en\/wp-json\/wp\/v2\/posts\/1492","targetHints":{"allow":["GET"]}}],"collection":[{"href":"https:\/\/szechenyietterem.hu\/en\/wp-json\/wp\/v2\/posts"}],"about":[{"href":"https:\/\/szechenyietterem.hu\/en\/wp-json\/wp\/v2\/types\/post"}],"author":[{"embeddable":true,"href":"https:\/\/szechenyietterem.hu\/en\/wp-json\/wp\/v2\/users\/2"}],"replies":[{"embeddable":true,"href":"https:\/\/szechenyietterem.hu\/en\/wp-json\/wp\/v2\/comments?post=1492"}],"version-history":[{"count":2,"href":"https:\/\/szechenyietterem.hu\/en\/wp-json\/wp\/v2\/posts\/1492\/revisions"}],"predecessor-version":[{"id":1594,"href":"https:\/\/szechenyietterem.hu\/en\/wp-json\/wp\/v2\/posts\/1492\/revisions\/1594"}],"wp:featuredmedia":[{"embeddable":true,"href":"https:\/\/szechenyietterem.hu\/en\/wp-json\/wp\/v2\/media\/1590"}],"wp:attachment":[{"href":"https:\/\/szechenyietterem.hu\/en\/wp-json\/wp\/v2\/media?parent=1492"}],"wp:term":[{"taxonomy":"category","embeddable":true,"href":"https:\/\/szechenyietterem.hu\/en\/wp-json\/wp\/v2\/categories?post=1492"},{"taxonomy":"post_tag","embeddable":true,"href":"https:\/\/szechenyietterem.hu\/en\/wp-json\/wp\/v2\/tags?post=1492"}],"curies":[{"name":"wp","href":"https:\/\/api.w.org\/{rel}","templated":true}]}}