{"id":1192,"date":"2025-11-05T16:00:38","date_gmt":"2025-11-05T15:00:38","guid":{"rendered":"https:\/\/szechenyietterem.hu\/?p=1192"},"modified":"2026-03-02T12:59:37","modified_gmt":"2026-03-02T11:59:37","slug":"new-years-eve-gala-dinner-and-retro-party","status":"publish","type":"post","link":"https:\/\/szechenyietterem.hu\/en\/uncategorized\/new-years-eve-gala-dinner-and-retro-party\/","title":{"rendered":"New Year\u2019s Eve gala dinner and Retro party"},"content":{"rendered":"\n<p><strong><em>Event:<\/em><\/strong> Dinner and dancing<br><strong><em>Date:<\/em><\/strong> 31st of December, 2025<br><strong><em>Time:<\/em><\/strong> from 7 p.m. to 2 a.m.<br><strong><em>Scene:<\/em><\/strong> Sz\u00e9chenyi Garden Restaurant (1146\u00a0 Budapest, \u00c1llatkerti krt. 9-11.)<br><strong><em>Set up:<\/em><\/strong> at long tables with 10-12 persons, together with others<\/p>\n\n\n\n<p><strong><em>Tickets:<\/em><\/strong> 38000 HUF \/ person till 10 of December, from 11 of December: 42000 HUF \/ person<br><strong><em>Tickets are available only in advance on the spot with registration: <a href=\"mailto:csaszar.katalin@szechenyietterem.hu\">csaszar.katalin@szechenyietterem.hu<\/a>; Katalin Cs\u00e1sz\u00e1r, bankett manager, mobil: +36 30 477-0812<\/em><\/strong><\/p>\n\n\n\n<p><strong>Welcome bites:<\/strong> scone<br><em style=\"font-weight: bold;\">Gala dinner:<\/em><br>Starter: Duck liver p\u00e2t\u00e9 with Cognac, red onion jam, baked milkloaf<br><em><strong>Main dish should choose in advance:<\/strong><\/em><br>Crispy roasted pork loin with saut\u00e9ed baby potatoes and red cabbage pur\u00e9e<br><strong>OR<\/strong><br>Confit duck breast with pink peppercorn sour cherry ragout, potato pur\u00e9e<br><strong>Dessert:<\/strong> R\u00e1k\u00f3czi cottage cheese cup dessert<br><em>(Vegan, vegetarian option is also available)<\/em><br><strong><em>Midnight menu:<\/em><\/strong><br>Lentil goulash<br><strong><em>A glass of champagne<\/em><\/strong><\/p>\n\n\n\n<p><strong>Vegetarian \/ vegan menu:<\/strong><br>Kapia pepper salad with goat cheese<br>Grilled smoked tofu, with fried rice, mixed fresh salad<br>R\u00e1k\u00f3czi cottage cheese cup dessert<\/p>\n\n\n\n<p><strong><em>Beverages <\/em><\/strong>with unlimited consumption for 7 hours<br>Wines (red, rose, white)<br>Champagne<br>Soft drinks (Pepsi)<br>Juices<br>Borsodi draft beer<br>Mineral water (sparkling and still)<br>Coffee (Costa)<\/p>\n\n\n\n<p><\/p>\n","protected":false},"excerpt":{"rendered":"<p>Celebrate the end of 2024 at Sz\u00e9chenyi Garden Resturant.<\/p>\n","protected":false},"author":2,"featured_media":1544,"comment_status":"closed","ping_status":"open","sticky":false,"template":"","format":"standard","meta":{"_acf_changed":false,"footnotes":""},"categories":[11],"tags":[],"class_list":["post-1192","post","type-post","status-publish","format-standard","has-post-thumbnail","hentry","category-uncategorized"],"acf":[],"yoast_head":"<!-- This site is optimized with the Yoast SEO plugin v27.5 - https:\/\/yoast.com\/product\/yoast-seo-wordpress\/ -->\n<title>New Year\u2019s Eve dinner and Retro party<\/title>\n<meta name=\"description\" content=\"New Years Eve gala dinner with live music, 4-course-menu, unlimited beverage package\" \/>\n<meta name=\"robots\" content=\"index, follow, max-snippet:-1, max-image-preview:large, max-video-preview:-1\" \/>\n<link rel=\"canonical\" href=\"https:\/\/szechenyietterem.hu\/en\/uncategorized\/new-years-eve-gala-dinner-and-retro-party\/\" \/>\n<meta property=\"og:locale\" content=\"en_US\" \/>\n<meta property=\"og:type\" content=\"article\" \/>\n<meta property=\"og:title\" content=\"New Year\u2019s Eve dinner and Retro party\" \/>\n<meta property=\"og:description\" content=\"New Years Eve gala dinner with live music, 4-course-menu, unlimited beverage package\" \/>\n<meta property=\"og:url\" content=\"https:\/\/szechenyietterem.hu\/en\/uncategorized\/new-years-eve-gala-dinner-and-retro-party\/\" \/>\n<meta property=\"og:site_name\" content=\"Sz\u00e9chenyi Kertvend\u00e9gl\u0151\" \/>\n<meta property=\"article:published_time\" content=\"2025-11-05T15:00:38+00:00\" \/>\n<meta property=\"article:modified_time\" content=\"2026-03-02T11:59:37+00:00\" \/>\n<meta property=\"og:image\" content=\"https:\/\/szechenyietterem.hu\/wp-content\/uploads\/2024\/11\/Szilveszter-2025_web.jpg\" \/>\n\t<meta property=\"og:image:width\" content=\"810\" \/>\n\t<meta property=\"og:image:height\" content=\"743\" \/>\n\t<meta property=\"og:image:type\" content=\"image\/jpeg\" \/>\n<meta name=\"author\" content=\"Cs\u00e1sz\u00e1r Katalin\" \/>\n<meta name=\"twitter:card\" content=\"summary_large_image\" \/>\n<meta name=\"twitter:label1\" content=\"Written by\" \/>\n\t<meta name=\"twitter:data1\" content=\"Cs\u00e1sz\u00e1r Katalin\" \/>\n\t<meta name=\"twitter:label2\" content=\"Est. reading time\" \/>\n\t<meta name=\"twitter:data2\" content=\"2 minutes\" \/>\n<!-- \/ Yoast SEO plugin. -->","yoast_head_json":{"title":"New Year\u2019s Eve dinner and Retro party","description":"New Years Eve gala dinner with live music, 4-course-menu, unlimited beverage package","robots":{"index":"index","follow":"follow","max-snippet":"max-snippet:-1","max-image-preview":"max-image-preview:large","max-video-preview":"max-video-preview:-1"},"canonical":"https:\/\/szechenyietterem.hu\/en\/uncategorized\/new-years-eve-gala-dinner-and-retro-party\/","og_locale":"en_US","og_type":"article","og_title":"New Year\u2019s Eve dinner and Retro party","og_description":"New Years Eve gala dinner with live music, 4-course-menu, unlimited beverage package","og_url":"https:\/\/szechenyietterem.hu\/en\/uncategorized\/new-years-eve-gala-dinner-and-retro-party\/","og_site_name":"Sz\u00e9chenyi Kertvend\u00e9gl\u0151","article_published_time":"2025-11-05T15:00:38+00:00","article_modified_time":"2026-03-02T11:59:37+00:00","og_image":[{"width":810,"height":743,"url":"https:\/\/szechenyietterem.hu\/wp-content\/uploads\/2024\/11\/Szilveszter-2025_web.jpg","type":"image\/jpeg"}],"author":"Cs\u00e1sz\u00e1r Katalin","twitter_card":"summary_large_image","twitter_misc":{"Written by":"Cs\u00e1sz\u00e1r Katalin","Est. reading time":"2 minutes"},"schema":{"@context":"https:\/\/schema.org","@graph":[{"@type":"Article","@id":"https:\/\/szechenyietterem.hu\/en\/uncategorized\/new-years-eve-gala-dinner-and-retro-party\/#article","isPartOf":{"@id":"https:\/\/szechenyietterem.hu\/en\/uncategorized\/new-years-eve-gala-dinner-and-retro-party\/"},"author":{"name":"Cs\u00e1sz\u00e1r Katalin","@id":"https:\/\/szechenyietterem.hu\/en\/#\/schema\/person\/54d797267f70bf73fb10ca2735e81f0e"},"headline":"New Year\u2019s Eve gala dinner and Retro party","datePublished":"2025-11-05T15:00:38+00:00","dateModified":"2026-03-02T11:59:37+00:00","mainEntityOfPage":{"@id":"https:\/\/szechenyietterem.hu\/en\/uncategorized\/new-years-eve-gala-dinner-and-retro-party\/"},"wordCount":194,"image":{"@id":"https:\/\/szechenyietterem.hu\/en\/uncategorized\/new-years-eve-gala-dinner-and-retro-party\/#primaryimage"},"thumbnailUrl":"https:\/\/szechenyietterem.hu\/wp-content\/uploads\/2024\/11\/Szilveszter-2025_web.jpg","inLanguage":"en-US"},{"@type":"WebPage","@id":"https:\/\/szechenyietterem.hu\/en\/uncategorized\/new-years-eve-gala-dinner-and-retro-party\/","url":"https:\/\/szechenyietterem.hu\/en\/uncategorized\/new-years-eve-gala-dinner-and-retro-party\/","name":"New Year\u2019s Eve dinner and Retro party","isPartOf":{"@id":"https:\/\/szechenyietterem.hu\/en\/#website"},"primaryImageOfPage":{"@id":"https:\/\/szechenyietterem.hu\/en\/uncategorized\/new-years-eve-gala-dinner-and-retro-party\/#primaryimage"},"image":{"@id":"https:\/\/szechenyietterem.hu\/en\/uncategorized\/new-years-eve-gala-dinner-and-retro-party\/#primaryimage"},"thumbnailUrl":"https:\/\/szechenyietterem.hu\/wp-content\/uploads\/2024\/11\/Szilveszter-2025_web.jpg","datePublished":"2025-11-05T15:00:38+00:00","dateModified":"2026-03-02T11:59:37+00:00","author":{"@id":"https:\/\/szechenyietterem.hu\/en\/#\/schema\/person\/54d797267f70bf73fb10ca2735e81f0e"},"description":"New Years Eve gala dinner with live music, 4-course-menu, unlimited beverage package","breadcrumb":{"@id":"https:\/\/szechenyietterem.hu\/en\/uncategorized\/new-years-eve-gala-dinner-and-retro-party\/#breadcrumb"},"inLanguage":"en-US","potentialAction":[{"@type":"ReadAction","target":["https:\/\/szechenyietterem.hu\/en\/uncategorized\/new-years-eve-gala-dinner-and-retro-party\/"]}]},{"@type":"ImageObject","inLanguage":"en-US","@id":"https:\/\/szechenyietterem.hu\/en\/uncategorized\/new-years-eve-gala-dinner-and-retro-party\/#primaryimage","url":"https:\/\/szechenyietterem.hu\/wp-content\/uploads\/2024\/11\/Szilveszter-2025_web.jpg","contentUrl":"https:\/\/szechenyietterem.hu\/wp-content\/uploads\/2024\/11\/Szilveszter-2025_web.jpg","width":810,"height":743,"caption":"Szilveszteri retro party"},{"@type":"BreadcrumbList","@id":"https:\/\/szechenyietterem.hu\/en\/uncategorized\/new-years-eve-gala-dinner-and-retro-party\/#breadcrumb","itemListElement":[{"@type":"ListItem","position":1,"name":"Home","item":"https:\/\/szechenyietterem.hu\/en\/"},{"@type":"ListItem","position":2,"name":"New Year\u2019s Eve gala dinner and Retro party"}]},{"@type":"WebSite","@id":"https:\/\/szechenyietterem.hu\/en\/#website","url":"https:\/\/szechenyietterem.hu\/en\/","name":"Sz\u00e9chenyi Kertvend\u00e9gl\u0151","description":"","potentialAction":[{"@type":"SearchAction","target":{"@type":"EntryPoint","urlTemplate":"https:\/\/szechenyietterem.hu\/en\/?s={search_term_string}"},"query-input":{"@type":"PropertyValueSpecification","valueRequired":true,"valueName":"search_term_string"}}],"inLanguage":"en-US"},{"@type":"Person","@id":"https:\/\/szechenyietterem.hu\/en\/#\/schema\/person\/54d797267f70bf73fb10ca2735e81f0e","name":"Cs\u00e1sz\u00e1r Katalin","image":{"@type":"ImageObject","inLanguage":"en-US","@id":"https:\/\/secure.gravatar.com\/avatar\/3ff8e83da9862512ebdf0a36a6ba9b3ff3df7d7dc074d44d49873b4c3ca37413?s=96&d=mm&r=g","url":"https:\/\/secure.gravatar.com\/avatar\/3ff8e83da9862512ebdf0a36a6ba9b3ff3df7d7dc074d44d49873b4c3ca37413?s=96&d=mm&r=g","contentUrl":"https:\/\/secure.gravatar.com\/avatar\/3ff8e83da9862512ebdf0a36a6ba9b3ff3df7d7dc074d44d49873b4c3ca37413?s=96&d=mm&r=g","caption":"Cs\u00e1sz\u00e1r Katalin"}}]}},"_links":{"self":[{"href":"https:\/\/szechenyietterem.hu\/en\/wp-json\/wp\/v2\/posts\/1192","targetHints":{"allow":["GET"]}}],"collection":[{"href":"https:\/\/szechenyietterem.hu\/en\/wp-json\/wp\/v2\/posts"}],"about":[{"href":"https:\/\/szechenyietterem.hu\/en\/wp-json\/wp\/v2\/types\/post"}],"author":[{"embeddable":true,"href":"https:\/\/szechenyietterem.hu\/en\/wp-json\/wp\/v2\/users\/2"}],"replies":[{"embeddable":true,"href":"https:\/\/szechenyietterem.hu\/en\/wp-json\/wp\/v2\/comments?post=1192"}],"version-history":[{"count":5,"href":"https:\/\/szechenyietterem.hu\/en\/wp-json\/wp\/v2\/posts\/1192\/revisions"}],"predecessor-version":[{"id":1549,"href":"https:\/\/szechenyietterem.hu\/en\/wp-json\/wp\/v2\/posts\/1192\/revisions\/1549"}],"wp:featuredmedia":[{"embeddable":true,"href":"https:\/\/szechenyietterem.hu\/en\/wp-json\/wp\/v2\/media\/1544"}],"wp:attachment":[{"href":"https:\/\/szechenyietterem.hu\/en\/wp-json\/wp\/v2\/media?parent=1192"}],"wp:term":[{"taxonomy":"category","embeddable":true,"href":"https:\/\/szechenyietterem.hu\/en\/wp-json\/wp\/v2\/categories?post=1192"},{"taxonomy":"post_tag","embeddable":true,"href":"https:\/\/szechenyietterem.hu\/en\/wp-json\/wp\/v2\/tags?post=1192"}],"curies":[{"name":"wp","href":"https:\/\/api.w.org\/{rel}","templated":true}]}}